{"id":6694,"date":"2026-08-25T09:13:39","date_gmt":"2026-08-25T07:13:39","guid":{"rendered":"https:\/\/www.martin-stefan.ch\/martin\/?p=6694"},"modified":"2026-08-25T09:13:39","modified_gmt":"2026-08-25T07:13:39","slug":"fiire-mit-de-chliine-3","status":"publish","type":"post","link":"https:\/\/www.martin-stefan.ch\/martin\/fiire-mit-de-chliine-3\/","title":{"rendered":"Fiire mit de Chliine"},"content":{"rendered":"<p>Samstag, 26. September 2026, 10.00 Uhr, Kath. Kirche St. Martin<\/p>\n<p>Kinder feiern gerne und sind mit Leib und Seele dabei. Auf ungezwungene Art wollen wir diese Gottesdienste feiern. Die Feier wird so gestaltet, dass die Kinder die Kirche auf fr\u00f6hliche Art erleben k\u00f6nnen. Sie verstehen die Sprache und sie k\u00f6nnen sich ihrem Alter entsprechend bewegen. Gemeinsam mit anderen Kindern und Begleitpersonen singen, spielen, staunen sie und h\u00f6ren spannende, altersgerechte Geschichten.<br \/>\nDas Thema im September ist Erntedank &#8211; Gottes bunter Kr\u00e4utergarten<br \/>\nDas \u00f6kumenische \u00abFiire mit de Chliine\u00bb-Team freut sich auf Sie.<\/p>\n<p><a href=\"https:\/\/www.martin-stefan.ch\/martin\/wp-content\/uploads\/sites\/2\/2026\/08\/Flyer-Fiire-Erntedank-26.9.26.pdf\" target=\"_blank\" rel=\"noopener\">Flyer Fiire Erntedank 26.9.26<\/a><\/p>\n","protected":false},"excerpt":{"rendered":"<p>Samstag, 26. September 2026, 10.00 Uhr, Kath. Kirche St. Martin Kinder feiern [&hellip;]<\/p>\n","protected":false},"author":5,"featured_media":6696,"comment_status":"closed","ping_status":"closed","sticky":false,"template":"","format":"standard","meta":{"_genesis_hide_title":false,"_genesis_hide_breadcrumbs":false,"_genesis_hide_singular_image":false,"_genesis_hide_footer_widgets":false,"_genesis_custom_body_class":"","_genesis_custom_post_class":"","_genesis_layout":"","footnotes":""},"categories":[1],"tags":[],"class_list":["post-6694","post","type-post","status-publish","format-standard","has-post-thumbnail","category-allgemein","entry"],"publishpress_future_action":{"enabled":true,"date":"2026-09-26 00:10:00","action":"change-status","newStatus":"draft","terms":[0],"taxonomy":"category","extraData":[]},"publishpress_future_workflow_manual_trigger":{"enabledWorkflows":[]},"_links":{"self":[{"href":"https:\/\/www.martin-stefan.ch\/martin\/wp-json\/wp\/v2\/posts\/6694","targetHints":{"allow":["GET"]}}],"collection":[{"href":"https:\/\/www.martin-stefan.ch\/martin\/wp-json\/wp\/v2\/posts"}],"about":[{"href":"https:\/\/www.martin-stefan.ch\/martin\/wp-json\/wp\/v2\/types\/post"}],"author":[{"embeddable":true,"href":"https:\/\/www.martin-stefan.ch\/martin\/wp-json\/wp\/v2\/users\/5"}],"replies":[{"embeddable":true,"href":"https:\/\/www.martin-stefan.ch\/martin\/wp-json\/wp\/v2\/comments?post=6694"}],"version-history":[{"count":1,"href":"https:\/\/www.martin-stefan.ch\/martin\/wp-json\/wp\/v2\/posts\/6694\/revisions"}],"predecessor-version":[{"id":6697,"href":"https:\/\/www.martin-stefan.ch\/martin\/wp-json\/wp\/v2\/posts\/6694\/revisions\/6697"}],"wp:featuredmedia":[{"embeddable":true,"href":"https:\/\/www.martin-stefan.ch\/martin\/wp-json\/wp\/v2\/media\/6696"}],"wp:attachment":[{"href":"https:\/\/www.martin-stefan.ch\/martin\/wp-json\/wp\/v2\/media?parent=6694"}],"wp:term":[{"taxonomy":"category","embeddable":true,"href":"https:\/\/www.martin-stefan.ch\/martin\/wp-json\/wp\/v2\/categories?post=6694"},{"taxonomy":"post_tag","embeddable":true,"href":"https:\/\/www.martin-stefan.ch\/martin\/wp-json\/wp\/v2\/tags?post=6694"}],"curies":[{"name":"wp","href":"https:\/\/api.w.org\/{rel}","templated":true}]}}